{"id":7434,"date":"2022-05-25T07:02:03","date_gmt":"2022-05-25T06:02:03","guid":{"rendered":"https:\/\/www.kojsov.sk\/?p=7434"},"modified":"2022-05-25T07:19:44","modified_gmt":"2022-05-25T06:19:44","slug":"obec-kojsov-ako-clen-zmos-sa-zapojila-do-strajkovej-pohotovosti","status":"publish","type":"post","link":"https:\/\/www.kojsov.sk\/?p=7434","title":{"rendered":"Obec Koj\u0161ov ako \u010dlen ZMOS sa zapojila do \u0161trajkovej pohotovosti"},"content":{"rendered":"\n<p><\/p>\n\n\n\n<p class=\"has-text-align-left\"> <img loading=\"lazy\" width=\"500\" height=\"500\" class=\"wp-image-7440\" style=\"width: 150px;\" src=\"https:\/\/www.kojsov.sk\/wp-content\/uploads\/2022\/05\/Mesta-a-obce-v-strajkovej-pohotovosti-o.png\" alt=\"\" srcset=\"https:\/\/www.kojsov.sk\/wp-content\/uploads\/2022\/05\/Mesta-a-obce-v-strajkovej-pohotovosti-o.png 500w, https:\/\/www.kojsov.sk\/wp-content\/uploads\/2022\/05\/Mesta-a-obce-v-strajkovej-pohotovosti-o-300x300.png 300w, https:\/\/www.kojsov.sk\/wp-content\/uploads\/2022\/05\/Mesta-a-obce-v-strajkovej-pohotovosti-o-150x150.png 150w\" sizes=\"(max-width: 500px) 100vw, 500px\" \/>                 Obec Koj\u0161ov ako \u010dlen ZMOS sa zapojila do \u0161trajkovej pohotovosti.<\/p>\n\n\n\n<p class=\"has-text-align-left\"><strong>Deleg\u00e1ti mimoriadneho snemu Zdru\u017eenia miest a&nbsp;obc\u00ed Slovenska vyzvali \u010dlensk\u00e9 mest\u00e1 a&nbsp;obce&nbsp;ZMOS, aby v&nbsp;r\u00e1mci \u0161trajkovej pohotovosti, ktor\u00e1 sa vyhlasuje od&nbsp;19.&nbsp;m\u00e1ja 2022&nbsp;do&nbsp;odvolania, symbolicky stiahli&nbsp;pred budovami mestsk\u00fdch a&nbsp;obecn\u00fdch \u00faradov obecn\u00e9 vlajky na&nbsp;pol \u017erde od&nbsp;19.&nbsp;m\u00e1ja 2022&nbsp;do&nbsp;30.&nbsp;j\u00fana 2022.&nbsp;<\/strong><img class=\"wp-image-7435\" style=\"width: NaNpx;\" src=\"https:\/\/www.kojsov.sk\/wp-content\/uploads\/2022\/05\/Mesta-a-obce-v-strajkovej-pohotovosti-o.pdf\" alt=\"\"><\/p>\n","protected":false},"excerpt":{"rendered":"<p>Obec Koj\u0161ov ako \u010dlen ZMOS sa zapojila do \u0161trajkovej pohotovosti. Deleg\u00e1ti mimoriadneho snemu Zdru\u017eenia miest a&nbsp;obc\u00ed Slovenska vyzvali \u010dlensk\u00e9 mest\u00e1 a&nbsp;obce&nbsp;ZMOS, aby v&nbsp;r\u00e1mci \u0161trajkovej pohotovosti, ktor\u00e1 sa vyhlasuje od&nbsp;19.&nbsp;m\u00e1ja 2022&nbsp;do&nbsp;odvolania, symbolicky stiahli&nbsp;pred budovami mestsk\u00fdch a&nbsp;obecn\u00fdch \u00faradov obecn\u00e9 vlajky na&nbsp;pol \u017erde od&nbsp;19.&nbsp;m\u00e1ja 2022&nbsp;do&nbsp;30.&nbsp;j\u00fana 2022.&nbsp;<\/p>\n","protected":false},"author":5,"featured_media":7440,"comment_status":"closed","ping_status":"closed","sticky":false,"template":"","format":"standard","meta":[],"categories":[1,10],"tags":[],"_links":{"self":[{"href":"https:\/\/www.kojsov.sk\/index.php?rest_route=\/wp\/v2\/posts\/7434"}],"collection":[{"href":"https:\/\/www.kojsov.sk\/index.php?rest_route=\/wp\/v2\/posts"}],"about":[{"href":"https:\/\/www.kojsov.sk\/index.php?rest_route=\/wp\/v2\/types\/post"}],"author":[{"embeddable":true,"href":"https:\/\/www.kojsov.sk\/index.php?rest_route=\/wp\/v2\/users\/5"}],"replies":[{"embeddable":true,"href":"https:\/\/www.kojsov.sk\/index.php?rest_route=%2Fwp%2Fv2%2Fcomments&post=7434"}],"version-history":[{"count":5,"href":"https:\/\/www.kojsov.sk\/index.php?rest_route=\/wp\/v2\/posts\/7434\/revisions"}],"predecessor-version":[{"id":7445,"href":"https:\/\/www.kojsov.sk\/index.php?rest_route=\/wp\/v2\/posts\/7434\/revisions\/7445"}],"wp:featuredmedia":[{"embeddable":true,"href":"https:\/\/www.kojsov.sk\/index.php?rest_route=\/wp\/v2\/media\/7440"}],"wp:attachment":[{"href":"https:\/\/www.kojsov.sk\/index.php?rest_route=%2Fwp%2Fv2%2Fmedia&parent=7434"}],"wp:term":[{"taxonomy":"category","embeddable":true,"href":"https:\/\/www.kojsov.sk\/index.php?rest_route=%2Fwp%2Fv2%2Fcategories&post=7434"},{"taxonomy":"post_tag","embeddable":true,"href":"https:\/\/www.kojsov.sk\/index.php?rest_route=%2Fwp%2Fv2%2Ftags&post=7434"}],"curies":[{"name":"wp","href":"https:\/\/api.w.org\/{rel}","templated":true}]}}